{"id":237,"date":"2016-12-16T02:12:21","date_gmt":"2016-12-16T01:12:21","guid":{"rendered":"https:\/\/servitanatorio.com\/blog\/?p=237"},"modified":"2016-12-16T02:14:10","modified_gmt":"2016-12-16T01:14:10","slug":"como-debe-vestir-el-difunto","status":"publish","type":"post","link":"https:\/\/servitanatorio.com\/blog\/como-debe-vestir-el-difunto\/","title":{"rendered":"C\u00f3mo debe vestir el difunto."},"content":{"rendered":"<p>La decisi\u00f3n de c\u00f3mo debe ir vestido el difunto, es quiz\u00e1, al lado de los dem\u00e1s preparativos y situaciones, lo que menos se toma en cuenta, o la menos significativo. Es probable que la importancia de la vestimenta parezca aun m\u00e1s discutible cuando se va a incinerar a la persona, o el ata\u00fad permanecer\u00e1 cerrado, incluso si no habr\u00e1 servicio funerario.<\/p>\n<p>Pero el caso es que como todos los aspectos y actividades que se deben realizar en los arreglos finales de un ser querido, ponerse de acuerdo en que ropa llevar\u00e1, no debe tomarse a la ligera ni menospreciarse. Puede parecer dram\u00e1tico, pero esta actividad puede llevar una fuerte carga emocional.<\/p>\n<p>Al momento de ver c\u00f3mo se vestir\u00e1 al fallecido, piensa en lo que a \u00e9l le hubiera gustado llevar, quiz\u00e1 su traje favorito, esa ropa que siempre quiso comprarse, algo especial\u2026 Es cierto que la mayor\u00eda de las personas son enterradas con un estilo formal; sin embargo, no dudes en vestir a tu ser querido con su ropa favorita, sean estos unos jeans, un sombrero, joyer\u00eda, etc. sias\u00ed lo has decidido.<\/p>\n<p><strong>Consideraciones al momento de vestir a un difunto.<\/strong><\/p>\n<p>Puedes elegir vestirlo con ropa nueva o bien ropa que la persona ya ten\u00eda. Por otro lado, \u00a0si decidiste colocarle alg\u00fan art\u00edculo personal, no hay que olvidar llevarlo a la funeraria para\u00a0 que el cuerpo pueda ser preparado.<\/p>\n<p><strong><img loading=\"lazy\" decoding=\"async\" class=\"aligncenter size-full wp-image-239\" src=\"https:\/\/servitanatorio.com\/blog\/wp-content\/uploads\/2016\/12\/ropadifunto.jpg\" alt=\"ropadifunto\" width=\"640\" height=\"426\" srcset=\"https:\/\/servitanatorio.com\/blog\/wp-content\/uploads\/2016\/12\/ropadifunto.jpg 640w, https:\/\/servitanatorio.com\/blog\/wp-content\/uploads\/2016\/12\/ropadifunto-300x200.jpg 300w, https:\/\/servitanatorio.com\/blog\/wp-content\/uploads\/2016\/12\/ropadifunto-631x420.jpg 631w\" sizes=\"(max-width: 640px) 100vw, 640px\" \/><\/strong><strong>Ropa nueva<\/strong>. En lugar de enterrar al difunto con su propia ropa, algunas personas optan por comprar algo especial para el entierro. Puede resultar curioso, pero existe ropa especialmente confeccionada para vestir a los muertos en los funerales. Estas prendas est\u00e1n dise\u00f1adas para dar una impresi\u00f3n de descanso.<\/p>\n<p>Otra de las opciones es comprar la vestimenta directamente en la tienda de tu elecci\u00f3n. Una de las ventajas de hacer esto, es que al no haber ni un tipo de conexi\u00f3n emocional con la ropa, es f\u00e1cil desprenderse de ella y coloc\u00e1rsela al fallecido. Por otro lado, la gran desventaja, es que ir a buscar la vestimenta en esos momentos tan dif\u00edciles, puede resultar desconsolador.<\/p>\n<p><strong>Aspectos religiosos.<\/strong><\/p>\n<p>Si se ha decidido llevar a cabo un\u00a0 servicio funerario religioso o de acuerdo a alguna costumbre cultural, lo mejor es ver las pautas y escoger la ropa de acuerdo a eso. Por supuesto, se puede hablar con los l\u00edderes religiosos si necesitas orientaci\u00f3n sobre la vestimenta.<\/p>\n<p><strong>Art\u00edculos personales del difunto.<\/strong><\/p>\n<p>Ya sea que se vaya a enterrar o cremar, si has decidido hacerlo con algunos objetos personales del fallecido, no olvides llevarlos a tiempo, para que todo este listo.<\/p>\n<p>Finalmente, da igual si el fallecido ser\u00e1 enterrado, cremado, estar\u00e1 con el ata\u00fad abierto o no. Lo importante es que la ropa que decidan ponerle para su despedida final se convertir\u00e1 en parte del legado de tu ser querido.<\/p>\n","protected":false},"excerpt":{"rendered":"<p>La decisi\u00f3n de c\u00f3mo debe ir vestido el difunto, es quiz\u00e1, al lado de los dem\u00e1s preparativos y situaciones, lo que menos se toma en cuenta, o la menos significativo. Es probable que la importancia de la vestimenta parezca aun m\u00e1s discutible cuando se va a incinerar a la persona, o el ata\u00fad permanecer\u00e1 cerrado, [&hellip;]<\/p>\n","protected":false},"author":2,"featured_media":238,"comment_status":"open","ping_status":"closed","sticky":false,"template":"","format":"standard","meta":{"_mi_skip_tracking":false,"_monsterinsights_sitenote_active":false,"_monsterinsights_sitenote_note":"","_monsterinsights_sitenote_category":0,"footnotes":""},"categories":[4],"tags":[],"yoast_head":"<!-- This site is optimized with the Yoast SEO plugin v21.6 - https:\/\/yoast.com\/wordpress\/plugins\/seo\/ -->\n<title>C\u00f3mo debe vestir el difunto. - Blog Servitanatorio.com<\/title>\n<meta name=\"robots\" content=\"index, follow, max-snippet:-1, max-image-preview:large, max-video-preview:-1\" \/>\n<link rel=\"canonical\" href=\"https:\/\/servitanatorio.com\/blog\/como-debe-vestir-el-difunto\/\" \/>\n<meta property=\"og:locale\" content=\"es_ES\" \/>\n<meta property=\"og:type\" content=\"article\" \/>\n<meta property=\"og:title\" content=\"C\u00f3mo debe vestir el difunto. - Blog Servitanatorio.com\" \/>\n<meta property=\"og:description\" content=\"La decisi\u00f3n de c\u00f3mo debe ir vestido el difunto, es quiz\u00e1, al lado de los dem\u00e1s preparativos y situaciones, lo que menos se toma en cuenta, o la menos significativo. Es probable que la importancia de la vestimenta parezca aun m\u00e1s discutible cuando se va a incinerar a la persona, o el ata\u00fad permanecer\u00e1 cerrado, [&hellip;]\" \/>\n<meta property=\"og:url\" content=\"https:\/\/servitanatorio.com\/blog\/como-debe-vestir-el-difunto\/\" \/>\n<meta property=\"og:site_name\" content=\"Blog Servitanatorio.com\" \/>\n<meta property=\"article:published_time\" content=\"2016-12-16T01:12:21+00:00\" \/>\n<meta property=\"article:modified_time\" content=\"2016-12-16T01:14:10+00:00\" \/>\n<meta property=\"og:image\" content=\"https:\/\/servitanatorio.com\/blog\/wp-content\/uploads\/2016\/12\/difuntoropa.jpg\" \/>\n\t<meta property=\"og:image:width\" content=\"424\" \/>\n\t<meta property=\"og:image:height\" content=\"640\" \/>\n\t<meta property=\"og:image:type\" content=\"image\/jpeg\" \/>\n<meta name=\"author\" content=\"Ana Romero\" \/>\n<meta name=\"twitter:card\" content=\"summary_large_image\" \/>\n<meta name=\"twitter:label1\" content=\"Escrito por\" \/>\n\t<meta name=\"twitter:data1\" content=\"\" \/>\n\t<meta name=\"twitter:label2\" content=\"Tiempo de lectura\" \/>\n\t<meta name=\"twitter:data2\" content=\"2 minutos\" \/>\n<script type=\"application\/ld+json\" class=\"yoast-schema-graph\">{\"@context\":\"https:\/\/schema.org\",\"@graph\":[{\"@type\":\"Article\",\"@id\":\"https:\/\/servitanatorio.com\/blog\/como-debe-vestir-el-difunto\/#article\",\"isPartOf\":{\"@id\":\"https:\/\/servitanatorio.com\/blog\/como-debe-vestir-el-difunto\/\"},\"author\":{\"name\":\"Ana Romero\",\"@id\":\"https:\/\/servitanatorio.com\/blog\/#\/schema\/person\/761beadceb34ae763fb84f2e0ea65d28\"},\"headline\":\"C\u00f3mo debe vestir el difunto.\",\"datePublished\":\"2016-12-16T01:12:21+00:00\",\"dateModified\":\"2016-12-16T01:14:10+00:00\",\"mainEntityOfPage\":{\"@id\":\"https:\/\/servitanatorio.com\/blog\/como-debe-vestir-el-difunto\/\"},\"wordCount\":493,\"commentCount\":0,\"publisher\":{\"@id\":\"https:\/\/servitanatorio.com\/blog\/#organization\"},\"articleSection\":[\"Consejos\"],\"inLanguage\":\"es\",\"potentialAction\":[{\"@type\":\"CommentAction\",\"name\":\"Comment\",\"target\":[\"https:\/\/servitanatorio.com\/blog\/como-debe-vestir-el-difunto\/#respond\"]}]},{\"@type\":\"WebPage\",\"@id\":\"https:\/\/servitanatorio.com\/blog\/como-debe-vestir-el-difunto\/\",\"url\":\"https:\/\/servitanatorio.com\/blog\/como-debe-vestir-el-difunto\/\",\"name\":\"C\u00f3mo debe vestir el difunto. - Blog Servitanatorio.com\",\"isPartOf\":{\"@id\":\"https:\/\/servitanatorio.com\/blog\/#website\"},\"datePublished\":\"2016-12-16T01:12:21+00:00\",\"dateModified\":\"2016-12-16T01:14:10+00:00\",\"breadcrumb\":{\"@id\":\"https:\/\/servitanatorio.com\/blog\/como-debe-vestir-el-difunto\/#breadcrumb\"},\"inLanguage\":\"es\",\"potentialAction\":[{\"@type\":\"ReadAction\",\"target\":[\"https:\/\/servitanatorio.com\/blog\/como-debe-vestir-el-difunto\/\"]}]},{\"@type\":\"BreadcrumbList\",\"@id\":\"https:\/\/servitanatorio.com\/blog\/como-debe-vestir-el-difunto\/#breadcrumb\",\"itemListElement\":[{\"@type\":\"ListItem\",\"position\":1,\"name\":\"Portada\",\"item\":\"https:\/\/servitanatorio.com\/blog\/\"},{\"@type\":\"ListItem\",\"position\":2,\"name\":\"C\u00f3mo debe vestir el difunto.\"}]},{\"@type\":\"WebSite\",\"@id\":\"https:\/\/servitanatorio.com\/blog\/#website\",\"url\":\"https:\/\/servitanatorio.com\/blog\/\",\"name\":\"Blog Servitanatorio.com\",\"description\":\"Informaci\u00f3n sobre Tanatorios y Funerales\",\"publisher\":{\"@id\":\"https:\/\/servitanatorio.com\/blog\/#organization\"},\"potentialAction\":[{\"@type\":\"SearchAction\",\"target\":{\"@type\":\"EntryPoint\",\"urlTemplate\":\"https:\/\/servitanatorio.com\/blog\/?s={search_term_string}\"},\"query-input\":\"required name=search_term_string\"}],\"inLanguage\":\"es\"},{\"@type\":\"Organization\",\"@id\":\"https:\/\/servitanatorio.com\/blog\/#organization\",\"name\":\"Blog Servitanatorio.com\",\"url\":\"https:\/\/servitanatorio.com\/blog\/\",\"logo\":{\"@type\":\"ImageObject\",\"inLanguage\":\"es\",\"@id\":\"https:\/\/servitanatorio.com\/blog\/#\/schema\/logo\/image\/\",\"url\":\"https:\/\/servitanatorio.com\/blog\/wp-content\/uploads\/2023\/05\/servitanatorio.png\",\"contentUrl\":\"https:\/\/servitanatorio.com\/blog\/wp-content\/uploads\/2023\/05\/servitanatorio.png\",\"width\":503,\"height\":88,\"caption\":\"Blog Servitanatorio.com\"},\"image\":{\"@id\":\"https:\/\/servitanatorio.com\/blog\/#\/schema\/logo\/image\/\"}},{\"@type\":\"Person\",\"@id\":\"https:\/\/servitanatorio.com\/blog\/#\/schema\/person\/761beadceb34ae763fb84f2e0ea65d28\",\"name\":\"Ana Romero\",\"image\":{\"@type\":\"ImageObject\",\"inLanguage\":\"es\",\"@id\":\"https:\/\/servitanatorio.com\/blog\/#\/schema\/person\/image\/\",\"url\":\"https:\/\/secure.gravatar.com\/avatar\/5804e76818657b7a359f93d4e7f8cb20?s=96&d=mm&r=g\",\"contentUrl\":\"https:\/\/secure.gravatar.com\/avatar\/5804e76818657b7a359f93d4e7f8cb20?s=96&d=mm&r=g\",\"caption\":\"Ana Romero\"},\"sameAs\":[\"https:\/\/servitanatorio.com\/blog\/\"],\"url\":\"https:\/\/servitanatorio.com\/blog\/author\/ana-romero\/\"}]}<\/script>\n<!-- \/ Yoast SEO plugin. -->","yoast_head_json":{"title":"C\u00f3mo debe vestir el difunto. - Blog Servitanatorio.com","robots":{"index":"index","follow":"follow","max-snippet":"max-snippet:-1","max-image-preview":"max-image-preview:large","max-video-preview":"max-video-preview:-1"},"canonical":"https:\/\/servitanatorio.com\/blog\/como-debe-vestir-el-difunto\/","og_locale":"es_ES","og_type":"article","og_title":"C\u00f3mo debe vestir el difunto. - Blog Servitanatorio.com","og_description":"La decisi\u00f3n de c\u00f3mo debe ir vestido el difunto, es quiz\u00e1, al lado de los dem\u00e1s preparativos y situaciones, lo que menos se toma en cuenta, o la menos significativo. Es probable que la importancia de la vestimenta parezca aun m\u00e1s discutible cuando se va a incinerar a la persona, o el ata\u00fad permanecer\u00e1 cerrado, [&hellip;]","og_url":"https:\/\/servitanatorio.com\/blog\/como-debe-vestir-el-difunto\/","og_site_name":"Blog Servitanatorio.com","article_published_time":"2016-12-16T01:12:21+00:00","article_modified_time":"2016-12-16T01:14:10+00:00","og_image":[{"width":424,"height":640,"url":"https:\/\/servitanatorio.com\/blog\/wp-content\/uploads\/2016\/12\/difuntoropa.jpg","type":"image\/jpeg"}],"author":"Ana Romero","twitter_card":"summary_large_image","twitter_misc":{"Escrito por":false,"Tiempo de lectura":"2 minutos"},"schema":{"@context":"https:\/\/schema.org","@graph":[{"@type":"Article","@id":"https:\/\/servitanatorio.com\/blog\/como-debe-vestir-el-difunto\/#article","isPartOf":{"@id":"https:\/\/servitanatorio.com\/blog\/como-debe-vestir-el-difunto\/"},"author":{"name":"Ana Romero","@id":"https:\/\/servitanatorio.com\/blog\/#\/schema\/person\/761beadceb34ae763fb84f2e0ea65d28"},"headline":"C\u00f3mo debe vestir el difunto.","datePublished":"2016-12-16T01:12:21+00:00","dateModified":"2016-12-16T01:14:10+00:00","mainEntityOfPage":{"@id":"https:\/\/servitanatorio.com\/blog\/como-debe-vestir-el-difunto\/"},"wordCount":493,"commentCount":0,"publisher":{"@id":"https:\/\/servitanatorio.com\/blog\/#organization"},"articleSection":["Consejos"],"inLanguage":"es","potentialAction":[{"@type":"CommentAction","name":"Comment","target":["https:\/\/servitanatorio.com\/blog\/como-debe-vestir-el-difunto\/#respond"]}]},{"@type":"WebPage","@id":"https:\/\/servitanatorio.com\/blog\/como-debe-vestir-el-difunto\/","url":"https:\/\/servitanatorio.com\/blog\/como-debe-vestir-el-difunto\/","name":"C\u00f3mo debe vestir el difunto. - Blog Servitanatorio.com","isPartOf":{"@id":"https:\/\/servitanatorio.com\/blog\/#website"},"datePublished":"2016-12-16T01:12:21+00:00","dateModified":"2016-12-16T01:14:10+00:00","breadcrumb":{"@id":"https:\/\/servitanatorio.com\/blog\/como-debe-vestir-el-difunto\/#breadcrumb"},"inLanguage":"es","potentialAction":[{"@type":"ReadAction","target":["https:\/\/servitanatorio.com\/blog\/como-debe-vestir-el-difunto\/"]}]},{"@type":"BreadcrumbList","@id":"https:\/\/servitanatorio.com\/blog\/como-debe-vestir-el-difunto\/#breadcrumb","itemListElement":[{"@type":"ListItem","position":1,"name":"Portada","item":"https:\/\/servitanatorio.com\/blog\/"},{"@type":"ListItem","position":2,"name":"C\u00f3mo debe vestir el difunto."}]},{"@type":"WebSite","@id":"https:\/\/servitanatorio.com\/blog\/#website","url":"https:\/\/servitanatorio.com\/blog\/","name":"Blog Servitanatorio.com","description":"Informaci\u00f3n sobre Tanatorios y Funerales","publisher":{"@id":"https:\/\/servitanatorio.com\/blog\/#organization"},"potentialAction":[{"@type":"SearchAction","target":{"@type":"EntryPoint","urlTemplate":"https:\/\/servitanatorio.com\/blog\/?s={search_term_string}"},"query-input":"required name=search_term_string"}],"inLanguage":"es"},{"@type":"Organization","@id":"https:\/\/servitanatorio.com\/blog\/#organization","name":"Blog Servitanatorio.com","url":"https:\/\/servitanatorio.com\/blog\/","logo":{"@type":"ImageObject","inLanguage":"es","@id":"https:\/\/servitanatorio.com\/blog\/#\/schema\/logo\/image\/","url":"https:\/\/servitanatorio.com\/blog\/wp-content\/uploads\/2023\/05\/servitanatorio.png","contentUrl":"https:\/\/servitanatorio.com\/blog\/wp-content\/uploads\/2023\/05\/servitanatorio.png","width":503,"height":88,"caption":"Blog Servitanatorio.com"},"image":{"@id":"https:\/\/servitanatorio.com\/blog\/#\/schema\/logo\/image\/"}},{"@type":"Person","@id":"https:\/\/servitanatorio.com\/blog\/#\/schema\/person\/761beadceb34ae763fb84f2e0ea65d28","name":"Ana Romero","image":{"@type":"ImageObject","inLanguage":"es","@id":"https:\/\/servitanatorio.com\/blog\/#\/schema\/person\/image\/","url":"https:\/\/secure.gravatar.com\/avatar\/5804e76818657b7a359f93d4e7f8cb20?s=96&d=mm&r=g","contentUrl":"https:\/\/secure.gravatar.com\/avatar\/5804e76818657b7a359f93d4e7f8cb20?s=96&d=mm&r=g","caption":"Ana Romero"},"sameAs":["https:\/\/servitanatorio.com\/blog\/"],"url":"https:\/\/servitanatorio.com\/blog\/author\/ana-romero\/"}]}},"_links":{"self":[{"href":"https:\/\/servitanatorio.com\/blog\/wp-json\/wp\/v2\/posts\/237"}],"collection":[{"href":"https:\/\/servitanatorio.com\/blog\/wp-json\/wp\/v2\/posts"}],"about":[{"href":"https:\/\/servitanatorio.com\/blog\/wp-json\/wp\/v2\/types\/post"}],"author":[{"embeddable":true,"href":"https:\/\/servitanatorio.com\/blog\/wp-json\/wp\/v2\/users\/2"}],"replies":[{"embeddable":true,"href":"https:\/\/servitanatorio.com\/blog\/wp-json\/wp\/v2\/comments?post=237"}],"version-history":[{"count":2,"href":"https:\/\/servitanatorio.com\/blog\/wp-json\/wp\/v2\/posts\/237\/revisions"}],"predecessor-version":[{"id":241,"href":"https:\/\/servitanatorio.com\/blog\/wp-json\/wp\/v2\/posts\/237\/revisions\/241"}],"wp:featuredmedia":[{"embeddable":true,"href":"https:\/\/servitanatorio.com\/blog\/wp-json\/wp\/v2\/media\/238"}],"wp:attachment":[{"href":"https:\/\/servitanatorio.com\/blog\/wp-json\/wp\/v2\/media?parent=237"}],"wp:term":[{"taxonomy":"category","embeddable":true,"href":"https:\/\/servitanatorio.com\/blog\/wp-json\/wp\/v2\/categories?post=237"},{"taxonomy":"post_tag","embeddable":true,"href":"https:\/\/servitanatorio.com\/blog\/wp-json\/wp\/v2\/tags?post=237"}],"curies":[{"name":"wp","href":"https:\/\/api.w.org\/{rel}","templated":true}]}}