{"id":422,"date":"2017-01-26T07:40:14","date_gmt":"2017-01-26T06:40:14","guid":{"rendered":"https:\/\/servitanatorio.com\/blog\/?p=422"},"modified":"2017-01-26T07:40:14","modified_gmt":"2017-01-26T06:40:14","slug":"historia-la-cremacion","status":"publish","type":"post","link":"https:\/\/servitanatorio.com\/blog\/historia-la-cremacion\/","title":{"rendered":"Historia de la cremaci\u00f3n."},"content":{"rendered":"<p>Hoy en d\u00eda puede que est\u00e9 en disputa que m\u00e9todo para hacerse cargo del cuerpo es el m\u00e1s popular, si <a href=\"https:\/\/servitanatorio.com\/blog\/elegir-cremacion-entierro\/\">el entierro o la cremaci\u00f3n<\/a>. Lo cierto es que ambos m\u00e9todos se encuentran dentro de la historia del hombre y los ritos funerarios desde hace miles de a\u00f1os.<\/p>\n<p><strong>Registros de la cremaci\u00f3n. \u00a0<\/strong><\/p>\n<p>La cremaci\u00f3n, y otros<a href=\"https:\/\/servitanatorio.com\/blog\/tres-distintas-tradiciones-la-muerte\/\"> rituales de entierro<\/a>, bien podr\u00edan estar presentes desde el inicio del hombre, esto es lo que han arrogado los an\u00e1lisis de los restos encontrados cerca del lago Mungo. Los restos muestran un cuerpo parcialmente cremado y data de aproximadamente 20,000 a\u00f1os.<\/p>\n<p>Sin embargo, los estudiosos de la actualidad han concordado que es probable que la cremaci\u00f3n haya comenzado en Europa, y el cercano oriente, extendi\u00e9ndose al pueblo eslavo de Rusia occidental, durante la edad de piedra.<\/p>\n<p>El ritual de la cremaci\u00f3n contin\u00fao ampli\u00e1ndose hasta llegar a Espa\u00f1a, Portugal y las islas brit\u00e1nicas. Siendo Hungr\u00eda y el norte de Italia los primeros lugares en donde se formaron cementerios de cremaci\u00f3n. Estos cementerios llegaron hasta Irlanda del norte.<\/p>\n<p><strong>Entre la cremaci\u00f3n y el entierro<\/strong>.<\/p>\n<p>La historia ha demostrado que la preferencia entre la cremaci\u00f3n y el entierro es por ciclos. De esta manera, podemos darnos cuenta que durante los imperios devastados por la batalla de Grecia y Roma, la cremaci\u00f3n era el ritual que se prefer\u00eda. Pero cuando el emperador Constantino entro al poder y con el surgimiento del cristianismo, la inclinaci\u00f3n por la cremaci\u00f3n disminuyo demasiado.<\/p>\n<p>Aun as\u00ed, para los romanos la cremaci\u00f3n permanec\u00eda siendo una pr\u00e1ctica normal, mientras que para los primeros cristianos esta era considerada pagana. Y ya para el 400 d. c. enterrar a los muerto remplazo a la cremaci\u00f3n, dej\u00e1ndola casi en el olvido, salvo en casos particulares, por ejemplo, cuando hab\u00eda plagas y guerras. El entierro permaneci\u00f3 en primer lugar en toda Europa durante los siguiente 1,500 a\u00f1os.<\/p>\n<p><img loading=\"lazy\" decoding=\"async\" class=\"aligncenter size-large wp-image-257\" src=\"https:\/\/servitanatorio.com\/blog\/wp-content\/uploads\/2016\/12\/directacremacion-768x1024.jpg\" alt=\"directacremacion\" width=\"640\" height=\"853\" srcset=\"https:\/\/servitanatorio.com\/blog\/wp-content\/uploads\/2016\/12\/directacremacion-768x1024.jpg 768w, https:\/\/servitanatorio.com\/blog\/wp-content\/uploads\/2016\/12\/directacremacion-225x300.jpg 225w, https:\/\/servitanatorio.com\/blog\/wp-content\/uploads\/2016\/12\/directacremacion-696x928.jpg 696w, https:\/\/servitanatorio.com\/blog\/wp-content\/uploads\/2016\/12\/directacremacion-315x420.jpg 315w, https:\/\/servitanatorio.com\/blog\/wp-content\/uploads\/2016\/12\/directacremacion.jpg 960w\" sizes=\"(max-width: 640px) 100vw, 640px\" \/><\/p>\n<p><strong>Resurgimiento de la cremaci\u00f3n y la instauraci\u00f3n de la cremaci\u00f3n moderna.<\/strong><\/p>\n<p>La cremaci\u00f3n como la concebimos en estos d\u00edas emergi\u00f3 hace aproximadamente 100 a\u00f1os. Cuando el profesor Brunetti de Italim tras varios intentos de crear una c\u00e1mara segura para este actividad, pudo perfeccionar su modelo y la llev\u00f3 a la exposici\u00f3n de viene en 1873. Y as\u00ed, casi al mismo tiempo la cremaci\u00f3n emergi\u00f3 con fuerza en ambos lados de la tierra.<\/p>\n<p>Por su parte, en las islas brit\u00e1nicas, en 1874, el cirujano de la reina Victoria, sir Henry Thompson, junto con sus colegas, fund\u00f3 la sociedad de cremaci\u00f3n de Inglaterra. Y para 1878 los primeros crematorios en Europa fueron construidos en Woking, Inglaterra y Gotha en Alemania.<\/p>\n<p>Por su lado, la cremaci\u00f3n inicio y creci\u00f3 a partir de 1876 en Estados Unidos, gracias al Dr. Julius Lemoyne, quien fue el que construy\u00f3 el crematorio en Washington. Y para 1884 se abrieron las puertas del segundo crematorio de Lancaster en Pennsylvania.<\/p>\n<p>A partir de ah\u00ed los crematorios fueron creciendo en n\u00famero en ambos lados del mundo. Hasta el d\u00eda de hoy que la cremaci\u00f3n ha retornado, y de nuevo cada vez son m\u00e1s los que la prefieren.<\/p>\n<p>Finalmente, ya sea cremando cuerpos o enterr\u00e1ndolos, el despedir a los cuerpos sin vida es casi tan antiguo como la misma raza humana.<\/p>\n<p>&nbsp;<\/p>\n","protected":false},"excerpt":{"rendered":"<p>Hoy en d\u00eda puede que est\u00e9 en disputa que m\u00e9todo para hacerse cargo del cuerpo es el m\u00e1s popular, si el entierro o la cremaci\u00f3n. Lo cierto es que ambos m\u00e9todos se encuentran dentro de la historia del hombre y los ritos funerarios desde hace miles de a\u00f1os. Registros de la cremaci\u00f3n. \u00a0 La cremaci\u00f3n, [&hellip;]<\/p>\n","protected":false},"author":2,"featured_media":96,"comment_status":"open","ping_status":"closed","sticky":false,"template":"","format":"standard","meta":{"_mi_skip_tracking":false,"_monsterinsights_sitenote_active":false,"_monsterinsights_sitenote_note":"","_monsterinsights_sitenote_category":0,"footnotes":""},"categories":[5],"tags":[],"yoast_head":"<!-- This site is optimized with the Yoast SEO plugin v21.6 - https:\/\/yoast.com\/wordpress\/plugins\/seo\/ -->\n<title>Historia de la cremaci\u00f3n. - Blog Servitanatorio.com<\/title>\n<meta name=\"robots\" content=\"index, follow, max-snippet:-1, max-image-preview:large, max-video-preview:-1\" \/>\n<link rel=\"canonical\" href=\"https:\/\/servitanatorio.com\/blog\/historia-la-cremacion\/\" \/>\n<meta property=\"og:locale\" content=\"es_ES\" \/>\n<meta property=\"og:type\" content=\"article\" \/>\n<meta property=\"og:title\" content=\"Historia de la cremaci\u00f3n. - Blog Servitanatorio.com\" \/>\n<meta property=\"og:description\" content=\"Hoy en d\u00eda puede que est\u00e9 en disputa que m\u00e9todo para hacerse cargo del cuerpo es el m\u00e1s popular, si el entierro o la cremaci\u00f3n. Lo cierto es que ambos m\u00e9todos se encuentran dentro de la historia del hombre y los ritos funerarios desde hace miles de a\u00f1os. Registros de la cremaci\u00f3n. \u00a0 La cremaci\u00f3n, [&hellip;]\" \/>\n<meta property=\"og:url\" content=\"https:\/\/servitanatorio.com\/blog\/historia-la-cremacion\/\" \/>\n<meta property=\"og:site_name\" content=\"Blog Servitanatorio.com\" \/>\n<meta property=\"article:published_time\" content=\"2017-01-26T06:40:14+00:00\" \/>\n<meta property=\"og:image\" content=\"https:\/\/servitanatorio.com\/blog\/wp-content\/uploads\/2016\/11\/lake-1828427_1280.jpg\" \/>\n\t<meta property=\"og:image:width\" content=\"1280\" \/>\n\t<meta property=\"og:image:height\" content=\"982\" \/>\n\t<meta property=\"og:image:type\" content=\"image\/jpeg\" \/>\n<meta name=\"author\" content=\"Ana Romero\" \/>\n<meta name=\"twitter:card\" content=\"summary_large_image\" \/>\n<meta name=\"twitter:label1\" content=\"Escrito por\" \/>\n\t<meta name=\"twitter:data1\" content=\"\" \/>\n\t<meta name=\"twitter:label2\" content=\"Tiempo de lectura\" \/>\n\t<meta name=\"twitter:data2\" content=\"3 minutos\" \/>\n<script type=\"application\/ld+json\" class=\"yoast-schema-graph\">{\"@context\":\"https:\/\/schema.org\",\"@graph\":[{\"@type\":\"Article\",\"@id\":\"https:\/\/servitanatorio.com\/blog\/historia-la-cremacion\/#article\",\"isPartOf\":{\"@id\":\"https:\/\/servitanatorio.com\/blog\/historia-la-cremacion\/\"},\"author\":{\"name\":\"Ana Romero\",\"@id\":\"https:\/\/servitanatorio.com\/blog\/#\/schema\/person\/761beadceb34ae763fb84f2e0ea65d28\"},\"headline\":\"Historia de la cremaci\u00f3n.\",\"datePublished\":\"2017-01-26T06:40:14+00:00\",\"dateModified\":\"2017-01-26T06:40:14+00:00\",\"mainEntityOfPage\":{\"@id\":\"https:\/\/servitanatorio.com\/blog\/historia-la-cremacion\/\"},\"wordCount\":575,\"commentCount\":0,\"publisher\":{\"@id\":\"https:\/\/servitanatorio.com\/blog\/#organization\"},\"articleSection\":[\"Historia\"],\"inLanguage\":\"es\",\"potentialAction\":[{\"@type\":\"CommentAction\",\"name\":\"Comment\",\"target\":[\"https:\/\/servitanatorio.com\/blog\/historia-la-cremacion\/#respond\"]}]},{\"@type\":\"WebPage\",\"@id\":\"https:\/\/servitanatorio.com\/blog\/historia-la-cremacion\/\",\"url\":\"https:\/\/servitanatorio.com\/blog\/historia-la-cremacion\/\",\"name\":\"Historia de la cremaci\u00f3n. - Blog Servitanatorio.com\",\"isPartOf\":{\"@id\":\"https:\/\/servitanatorio.com\/blog\/#website\"},\"datePublished\":\"2017-01-26T06:40:14+00:00\",\"dateModified\":\"2017-01-26T06:40:14+00:00\",\"breadcrumb\":{\"@id\":\"https:\/\/servitanatorio.com\/blog\/historia-la-cremacion\/#breadcrumb\"},\"inLanguage\":\"es\",\"potentialAction\":[{\"@type\":\"ReadAction\",\"target\":[\"https:\/\/servitanatorio.com\/blog\/historia-la-cremacion\/\"]}]},{\"@type\":\"BreadcrumbList\",\"@id\":\"https:\/\/servitanatorio.com\/blog\/historia-la-cremacion\/#breadcrumb\",\"itemListElement\":[{\"@type\":\"ListItem\",\"position\":1,\"name\":\"Portada\",\"item\":\"https:\/\/servitanatorio.com\/blog\/\"},{\"@type\":\"ListItem\",\"position\":2,\"name\":\"Historia de la cremaci\u00f3n.\"}]},{\"@type\":\"WebSite\",\"@id\":\"https:\/\/servitanatorio.com\/blog\/#website\",\"url\":\"https:\/\/servitanatorio.com\/blog\/\",\"name\":\"Blog Servitanatorio.com\",\"description\":\"Informaci\u00f3n sobre Tanatorios y Funerales\",\"publisher\":{\"@id\":\"https:\/\/servitanatorio.com\/blog\/#organization\"},\"potentialAction\":[{\"@type\":\"SearchAction\",\"target\":{\"@type\":\"EntryPoint\",\"urlTemplate\":\"https:\/\/servitanatorio.com\/blog\/?s={search_term_string}\"},\"query-input\":\"required name=search_term_string\"}],\"inLanguage\":\"es\"},{\"@type\":\"Organization\",\"@id\":\"https:\/\/servitanatorio.com\/blog\/#organization\",\"name\":\"Blog Servitanatorio.com\",\"url\":\"https:\/\/servitanatorio.com\/blog\/\",\"logo\":{\"@type\":\"ImageObject\",\"inLanguage\":\"es\",\"@id\":\"https:\/\/servitanatorio.com\/blog\/#\/schema\/logo\/image\/\",\"url\":\"https:\/\/servitanatorio.com\/blog\/wp-content\/uploads\/2023\/05\/servitanatorio.png\",\"contentUrl\":\"https:\/\/servitanatorio.com\/blog\/wp-content\/uploads\/2023\/05\/servitanatorio.png\",\"width\":503,\"height\":88,\"caption\":\"Blog Servitanatorio.com\"},\"image\":{\"@id\":\"https:\/\/servitanatorio.com\/blog\/#\/schema\/logo\/image\/\"}},{\"@type\":\"Person\",\"@id\":\"https:\/\/servitanatorio.com\/blog\/#\/schema\/person\/761beadceb34ae763fb84f2e0ea65d28\",\"name\":\"Ana Romero\",\"image\":{\"@type\":\"ImageObject\",\"inLanguage\":\"es\",\"@id\":\"https:\/\/servitanatorio.com\/blog\/#\/schema\/person\/image\/\",\"url\":\"https:\/\/secure.gravatar.com\/avatar\/5804e76818657b7a359f93d4e7f8cb20?s=96&d=mm&r=g\",\"contentUrl\":\"https:\/\/secure.gravatar.com\/avatar\/5804e76818657b7a359f93d4e7f8cb20?s=96&d=mm&r=g\",\"caption\":\"Ana Romero\"},\"sameAs\":[\"https:\/\/servitanatorio.com\/blog\/\"],\"url\":\"https:\/\/servitanatorio.com\/blog\/author\/ana-romero\/\"}]}<\/script>\n<!-- \/ Yoast SEO plugin. -->","yoast_head_json":{"title":"Historia de la cremaci\u00f3n. - Blog Servitanatorio.com","robots":{"index":"index","follow":"follow","max-snippet":"max-snippet:-1","max-image-preview":"max-image-preview:large","max-video-preview":"max-video-preview:-1"},"canonical":"https:\/\/servitanatorio.com\/blog\/historia-la-cremacion\/","og_locale":"es_ES","og_type":"article","og_title":"Historia de la cremaci\u00f3n. - Blog Servitanatorio.com","og_description":"Hoy en d\u00eda puede que est\u00e9 en disputa que m\u00e9todo para hacerse cargo del cuerpo es el m\u00e1s popular, si el entierro o la cremaci\u00f3n. Lo cierto es que ambos m\u00e9todos se encuentran dentro de la historia del hombre y los ritos funerarios desde hace miles de a\u00f1os. Registros de la cremaci\u00f3n. \u00a0 La cremaci\u00f3n, [&hellip;]","og_url":"https:\/\/servitanatorio.com\/blog\/historia-la-cremacion\/","og_site_name":"Blog Servitanatorio.com","article_published_time":"2017-01-26T06:40:14+00:00","og_image":[{"width":1280,"height":982,"url":"https:\/\/servitanatorio.com\/blog\/wp-content\/uploads\/2016\/11\/lake-1828427_1280.jpg","type":"image\/jpeg"}],"author":"Ana Romero","twitter_card":"summary_large_image","twitter_misc":{"Escrito por":false,"Tiempo de lectura":"3 minutos"},"schema":{"@context":"https:\/\/schema.org","@graph":[{"@type":"Article","@id":"https:\/\/servitanatorio.com\/blog\/historia-la-cremacion\/#article","isPartOf":{"@id":"https:\/\/servitanatorio.com\/blog\/historia-la-cremacion\/"},"author":{"name":"Ana Romero","@id":"https:\/\/servitanatorio.com\/blog\/#\/schema\/person\/761beadceb34ae763fb84f2e0ea65d28"},"headline":"Historia de la cremaci\u00f3n.","datePublished":"2017-01-26T06:40:14+00:00","dateModified":"2017-01-26T06:40:14+00:00","mainEntityOfPage":{"@id":"https:\/\/servitanatorio.com\/blog\/historia-la-cremacion\/"},"wordCount":575,"commentCount":0,"publisher":{"@id":"https:\/\/servitanatorio.com\/blog\/#organization"},"articleSection":["Historia"],"inLanguage":"es","potentialAction":[{"@type":"CommentAction","name":"Comment","target":["https:\/\/servitanatorio.com\/blog\/historia-la-cremacion\/#respond"]}]},{"@type":"WebPage","@id":"https:\/\/servitanatorio.com\/blog\/historia-la-cremacion\/","url":"https:\/\/servitanatorio.com\/blog\/historia-la-cremacion\/","name":"Historia de la cremaci\u00f3n. - Blog Servitanatorio.com","isPartOf":{"@id":"https:\/\/servitanatorio.com\/blog\/#website"},"datePublished":"2017-01-26T06:40:14+00:00","dateModified":"2017-01-26T06:40:14+00:00","breadcrumb":{"@id":"https:\/\/servitanatorio.com\/blog\/historia-la-cremacion\/#breadcrumb"},"inLanguage":"es","potentialAction":[{"@type":"ReadAction","target":["https:\/\/servitanatorio.com\/blog\/historia-la-cremacion\/"]}]},{"@type":"BreadcrumbList","@id":"https:\/\/servitanatorio.com\/blog\/historia-la-cremacion\/#breadcrumb","itemListElement":[{"@type":"ListItem","position":1,"name":"Portada","item":"https:\/\/servitanatorio.com\/blog\/"},{"@type":"ListItem","position":2,"name":"Historia de la cremaci\u00f3n."}]},{"@type":"WebSite","@id":"https:\/\/servitanatorio.com\/blog\/#website","url":"https:\/\/servitanatorio.com\/blog\/","name":"Blog Servitanatorio.com","description":"Informaci\u00f3n sobre Tanatorios y Funerales","publisher":{"@id":"https:\/\/servitanatorio.com\/blog\/#organization"},"potentialAction":[{"@type":"SearchAction","target":{"@type":"EntryPoint","urlTemplate":"https:\/\/servitanatorio.com\/blog\/?s={search_term_string}"},"query-input":"required name=search_term_string"}],"inLanguage":"es"},{"@type":"Organization","@id":"https:\/\/servitanatorio.com\/blog\/#organization","name":"Blog Servitanatorio.com","url":"https:\/\/servitanatorio.com\/blog\/","logo":{"@type":"ImageObject","inLanguage":"es","@id":"https:\/\/servitanatorio.com\/blog\/#\/schema\/logo\/image\/","url":"https:\/\/servitanatorio.com\/blog\/wp-content\/uploads\/2023\/05\/servitanatorio.png","contentUrl":"https:\/\/servitanatorio.com\/blog\/wp-content\/uploads\/2023\/05\/servitanatorio.png","width":503,"height":88,"caption":"Blog Servitanatorio.com"},"image":{"@id":"https:\/\/servitanatorio.com\/blog\/#\/schema\/logo\/image\/"}},{"@type":"Person","@id":"https:\/\/servitanatorio.com\/blog\/#\/schema\/person\/761beadceb34ae763fb84f2e0ea65d28","name":"Ana Romero","image":{"@type":"ImageObject","inLanguage":"es","@id":"https:\/\/servitanatorio.com\/blog\/#\/schema\/person\/image\/","url":"https:\/\/secure.gravatar.com\/avatar\/5804e76818657b7a359f93d4e7f8cb20?s=96&d=mm&r=g","contentUrl":"https:\/\/secure.gravatar.com\/avatar\/5804e76818657b7a359f93d4e7f8cb20?s=96&d=mm&r=g","caption":"Ana Romero"},"sameAs":["https:\/\/servitanatorio.com\/blog\/"],"url":"https:\/\/servitanatorio.com\/blog\/author\/ana-romero\/"}]}},"_links":{"self":[{"href":"https:\/\/servitanatorio.com\/blog\/wp-json\/wp\/v2\/posts\/422"}],"collection":[{"href":"https:\/\/servitanatorio.com\/blog\/wp-json\/wp\/v2\/posts"}],"about":[{"href":"https:\/\/servitanatorio.com\/blog\/wp-json\/wp\/v2\/types\/post"}],"author":[{"embeddable":true,"href":"https:\/\/servitanatorio.com\/blog\/wp-json\/wp\/v2\/users\/2"}],"replies":[{"embeddable":true,"href":"https:\/\/servitanatorio.com\/blog\/wp-json\/wp\/v2\/comments?post=422"}],"version-history":[{"count":1,"href":"https:\/\/servitanatorio.com\/blog\/wp-json\/wp\/v2\/posts\/422\/revisions"}],"predecessor-version":[{"id":423,"href":"https:\/\/servitanatorio.com\/blog\/wp-json\/wp\/v2\/posts\/422\/revisions\/423"}],"wp:featuredmedia":[{"embeddable":true,"href":"https:\/\/servitanatorio.com\/blog\/wp-json\/wp\/v2\/media\/96"}],"wp:attachment":[{"href":"https:\/\/servitanatorio.com\/blog\/wp-json\/wp\/v2\/media?parent=422"}],"wp:term":[{"taxonomy":"category","embeddable":true,"href":"https:\/\/servitanatorio.com\/blog\/wp-json\/wp\/v2\/categories?post=422"},{"taxonomy":"post_tag","embeddable":true,"href":"https:\/\/servitanatorio.com\/blog\/wp-json\/wp\/v2\/tags?post=422"}],"curies":[{"name":"wp","href":"https:\/\/api.w.org\/{rel}","templated":true}]}}